{"id":368,"date":"2024-10-16T19:53:21","date_gmt":"2024-10-16T19:53:21","guid":{"rendered":"https:\/\/www.realtrac.com.br\/blog\/?p=368"},"modified":"2024-10-16T19:53:23","modified_gmt":"2024-10-16T19:53:23","slug":"motor-de-tracao-para-mini-carregadeira-tudo-o-que-voce-precisa-saber","status":"publish","type":"post","link":"https:\/\/www.realtrac.com.br\/blog\/motor-de-tracao\/motor-de-tracao-para-mini-carregadeira-tudo-o-que-voce-precisa-saber\/","title":{"rendered":"Motor de tra\u00e7\u00e3o para mini carregadeira: tudo o que voc\u00ea precisa saber"},"content":{"rendered":"<span class=\"rt-reading-time\" style=\"display: block;\"><span class=\"rt-label rt-prefix\">Tempo de leitura:<\/span> <span class=\"rt-time\">6<\/span> <span class=\"rt-label rt-postfix\">minutos<\/span><\/span>\n<p><strong><em>Saiba como o motor de tra\u00e7\u00e3o para mini carregadeira funciona, suas caracter\u00edsticas e onde encontrar op\u00e7\u00f5es de qualidade para maximizar a efici\u00eancia.<\/em><\/strong><\/p>\n\n\n\n<p>As mini carregadeiras s\u00e3o m\u00e1quinas essenciais em diversos setores da constru\u00e7\u00e3o civil e agricultura, conhecidas por sua versatilidade e efici\u00eancia. Por\u00e9m, um dos componentes mais cr\u00edticos para seu bom funcionamento \u00e9 o <strong>motor de tra\u00e7\u00e3o para mini carregadeira<\/strong>.&nbsp;<\/p>\n\n\n\n<p>Este motor \u00e9 respons\u00e1vel por garantir o movimento adequado da m\u00e1quina, suportando o peso das opera\u00e7\u00f5es e proporcionando a pot\u00eancia necess\u00e1ria para manobras precisas e eficientes.<\/p>\n\n\n\n<p>Escolher o motor de tra\u00e7\u00e3o certo <strong>\u00e9 fundamental para garantir a produtividade<\/strong>, economia de combust\u00edvel e evitar falhas mec\u00e2nicas. Al\u00e9m disso, motores de tra\u00e7\u00e3o de qualidade ajudam a maximizar a vida \u00fatil da mini carregadeira, fazendo com que o equipamento trabalhe de forma mais suave e segura.<\/p>\n\n\n\n<p>Neste artigo, exploraremos como funciona o motor de tra\u00e7\u00e3o para mini carregadeira, suas principais caracter\u00edsticas, a import\u00e2ncia desse componente e onde encontrar motores de qualidade no mercado.<\/p>\n\n\n\n<p><a href=\"https:\/\/www.realtrac.com.br\/blog\/assento-para-trator\/assento-para-trator\/\">Assento para trator: Como escolher o modelo ideal para melhorar o seu conforto<\/a><\/p>\n\n\n\n<div id=\"ez-toc-container\" class=\"ez-toc-v2_0_61 counter-hierarchy ez-toc-counter ez-toc-white ez-toc-container-direction\">\n<div class=\"ez-toc-title-container\">\n<p class=\"ez-toc-title \" >LISTA DE T&Oacute;PICOS<\/p>\n<span class=\"ez-toc-title-toggle\"><a href=\"#\" class=\"ez-toc-pull-right ez-toc-btn ez-toc-btn-xs ez-toc-btn-default ez-toc-toggle\" aria-label=\"Toggle Table of Content\"><span class=\"ez-toc-js-icon-con\"><span class=\"\"><span class=\"eztoc-hide\" style=\"display:none;\">Toggle<\/span><span class=\"ez-toc-icon-toggle-span\"><svg style=\"fill: #999;color:#999\" xmlns=\"http:\/\/www.w3.org\/2000\/svg\" class=\"list-377408\" width=\"20px\" height=\"20px\" viewBox=\"0 0 24 24\" fill=\"none\"><path d=\"M6 6H4v2h2V6zm14 0H8v2h12V6zM4 11h2v2H4v-2zm16 0H8v2h12v-2zM4 16h2v2H4v-2zm16 0H8v2h12v-2z\" fill=\"currentColor\"><\/path><\/svg><svg style=\"fill: #999;color:#999\" class=\"arrow-unsorted-368013\" xmlns=\"http:\/\/www.w3.org\/2000\/svg\" width=\"10px\" height=\"10px\" viewBox=\"0 0 24 24\" version=\"1.2\" baseProfile=\"tiny\"><path d=\"M18.2 9.3l-6.2-6.3-6.2 6.3c-.2.2-.3.4-.3.7s.1.5.3.7c.2.2.4.3.7.3h11c.3 0 .5-.1.7-.3.2-.2.3-.5.3-.7s-.1-.5-.3-.7zM5.8 14.7l6.2 6.3 6.2-6.3c.2-.2.3-.5.3-.7s-.1-.5-.3-.7c-.2-.2-.4-.3-.7-.3h-11c-.3 0-.5.1-.7.3-.2.2-.3.5-.3.7s.1.5.3.7z\"\/><\/svg><\/span><\/span><\/span><\/a><\/span><\/div>\n<nav><ul class='ez-toc-list ez-toc-list-level-1 ' ><li class='ez-toc-page-1 ez-toc-heading-level-2'><a class=\"ez-toc-link ez-toc-heading-1\" href=\"https:\/\/www.realtrac.com.br\/blog\/motor-de-tracao\/motor-de-tracao-para-mini-carregadeira-tudo-o-que-voce-precisa-saber\/#Como_o_motor_de_tracao_para_mini_carregadeira_funciona\" title=\"Como o motor de tra\u00e7\u00e3o para mini carregadeira funciona?\">Como o motor de tra\u00e7\u00e3o para mini carregadeira funciona?<\/a><ul class='ez-toc-list-level-3' ><li class='ez-toc-heading-level-3'><a class=\"ez-toc-link ez-toc-heading-2\" href=\"https:\/\/www.realtrac.com.br\/blog\/motor-de-tracao\/motor-de-tracao-para-mini-carregadeira-tudo-o-que-voce-precisa-saber\/#Caracteristicas_do_motor_de_tracao\" title=\"Caracter\u00edsticas do motor de tra\u00e7\u00e3o\">Caracter\u00edsticas do motor de tra\u00e7\u00e3o<\/a><ul class='ez-toc-list-level-4' ><li class='ez-toc-heading-level-4'><a class=\"ez-toc-link ez-toc-heading-3\" href=\"https:\/\/www.realtrac.com.br\/blog\/motor-de-tracao\/motor-de-tracao-para-mini-carregadeira-tudo-o-que-voce-precisa-saber\/#_Potencia\" title=\"&nbsp;Pot\u00eancia\">&nbsp;Pot\u00eancia<\/a><\/li><li class='ez-toc-page-1 ez-toc-heading-level-4'><a class=\"ez-toc-link ez-toc-heading-4\" href=\"https:\/\/www.realtrac.com.br\/blog\/motor-de-tracao\/motor-de-tracao-para-mini-carregadeira-tudo-o-que-voce-precisa-saber\/#Torque\" title=\"Torque\">Torque<\/a><\/li><li class='ez-toc-page-1 ez-toc-heading-level-4'><a class=\"ez-toc-link ez-toc-heading-5\" href=\"https:\/\/www.realtrac.com.br\/blog\/motor-de-tracao\/motor-de-tracao-para-mini-carregadeira-tudo-o-que-voce-precisa-saber\/#Eficiencia_energetica\" title=\"Efici\u00eancia energ\u00e9tica\">Efici\u00eancia energ\u00e9tica<\/a><\/li><li class='ez-toc-page-1 ez-toc-heading-level-4'><a class=\"ez-toc-link ez-toc-heading-6\" href=\"https:\/\/www.realtrac.com.br\/blog\/motor-de-tracao\/motor-de-tracao-para-mini-carregadeira-tudo-o-que-voce-precisa-saber\/#Sistema_de_refrigeracao\" title=\"Sistema de refrigera\u00e7\u00e3o\">Sistema de refrigera\u00e7\u00e3o<\/a><\/li><li class='ez-toc-page-1 ez-toc-heading-level-4'><a class=\"ez-toc-link ez-toc-heading-7\" href=\"https:\/\/www.realtrac.com.br\/blog\/motor-de-tracao\/motor-de-tracao-para-mini-carregadeira-tudo-o-que-voce-precisa-saber\/#Facilidade_de_manutencao\" title=\"Facilidade de manuten\u00e7\u00e3o\">Facilidade de manuten\u00e7\u00e3o<\/a><\/li><\/ul><\/li><\/ul><\/li><li class='ez-toc-page-1 ez-toc-heading-level-2'><a class=\"ez-toc-link ez-toc-heading-8\" href=\"https:\/\/www.realtrac.com.br\/blog\/motor-de-tracao\/motor-de-tracao-para-mini-carregadeira-tudo-o-que-voce-precisa-saber\/#Qual_a_importancia_do_motor_de_tracao_para_mini_carregadeira\" title=\"Qual a import\u00e2ncia do motor de tra\u00e7\u00e3o para mini carregadeira?\">Qual a import\u00e2ncia do motor de tra\u00e7\u00e3o para mini carregadeira?<\/a><ul class='ez-toc-list-level-3' ><li class='ez-toc-heading-level-3'><a class=\"ez-toc-link ez-toc-heading-9\" href=\"https:\/\/www.realtrac.com.br\/blog\/motor-de-tracao\/motor-de-tracao-para-mini-carregadeira-tudo-o-que-voce-precisa-saber\/#Desempenho\" title=\"Desempenho\">Desempenho<\/a><\/li><li class='ez-toc-page-1 ez-toc-heading-level-3'><a class=\"ez-toc-link ez-toc-heading-10\" href=\"https:\/\/www.realtrac.com.br\/blog\/motor-de-tracao\/motor-de-tracao-para-mini-carregadeira-tudo-o-que-voce-precisa-saber\/#Economia_de_combustivel\" title=\"Economia de combust\u00edvel\">Economia de combust\u00edvel<\/a><\/li><li class='ez-toc-page-1 ez-toc-heading-level-3'><a class=\"ez-toc-link ez-toc-heading-11\" href=\"https:\/\/www.realtrac.com.br\/blog\/motor-de-tracao\/motor-de-tracao-para-mini-carregadeira-tudo-o-que-voce-precisa-saber\/#Reducao_de_falhas\" title=\"Redu\u00e7\u00e3o de falhas\">Redu\u00e7\u00e3o de falhas<\/a><\/li><li class='ez-toc-page-1 ez-toc-heading-level-3'><a class=\"ez-toc-link ez-toc-heading-12\" href=\"https:\/\/www.realtrac.com.br\/blog\/motor-de-tracao\/motor-de-tracao-para-mini-carregadeira-tudo-o-que-voce-precisa-saber\/#Seguranca\" title=\"Seguran\u00e7a\">Seguran\u00e7a<\/a><\/li><\/ul><\/li><li class='ez-toc-page-1 ez-toc-heading-level-2'><a class=\"ez-toc-link ez-toc-heading-13\" href=\"https:\/\/www.realtrac.com.br\/blog\/motor-de-tracao\/motor-de-tracao-para-mini-carregadeira-tudo-o-que-voce-precisa-saber\/#Onde_encontrar_um_motor_de_tracao_de_qualidade\" title=\"Onde encontrar um motor de tra\u00e7\u00e3o de qualidade?\">Onde encontrar um motor de tra\u00e7\u00e3o de qualidade?<\/a><\/li><li class='ez-toc-page-1 ez-toc-heading-level-2'><a class=\"ez-toc-link ez-toc-heading-14\" href=\"https:\/\/www.realtrac.com.br\/blog\/motor-de-tracao\/motor-de-tracao-para-mini-carregadeira-tudo-o-que-voce-precisa-saber\/#Motor_de_tracao_para_mini_carregadeira_escolha_com_seguranca\" title=\"Motor de tra\u00e7\u00e3o para mini carregadeira: escolha com seguran\u00e7a\">Motor de tra\u00e7\u00e3o para mini carregadeira: escolha com seguran\u00e7a<\/a><\/li><\/ul><\/nav><\/div>\n<h2 class=\"wp-block-heading\"><span class=\"ez-toc-section\" id=\"Como_o_motor_de_tracao_para_mini_carregadeira_funciona\"><\/span>Como o motor de tra\u00e7\u00e3o para mini carregadeira funciona?<span class=\"ez-toc-section-end\"><\/span><\/h2>\n\n\n\n<p>O <strong>motor de tra\u00e7\u00e3o<\/strong> <strong>\u00e9 a pe\u00e7a respons\u00e1vel por converter a energia do combust\u00edvel<\/strong> (ou eletricidade, no caso de m\u00e1quinas el\u00e9tricas) em for\u00e7a mec\u00e2nica, movimentando as rodas ou esteiras da mini carregadeira. Funciona como o cora\u00e7\u00e3o da m\u00e1quina, transmitindo a pot\u00eancia gerada para os mecanismos de tra\u00e7\u00e3o, possibilitando que ela se desloque e realize suas opera\u00e7\u00f5es com precis\u00e3o.<\/p>\n\n\n\n<p>Na pr\u00e1tica,<strong> o motor de tra\u00e7\u00e3o utiliza um sistema de engrenagens e eixos para distribuir a energia gerada de forma eficiente entre as rodas ou esteiras<\/strong>, dependendo do modelo da mini carregadeira. Isso garante que o equipamento tenha a for\u00e7a necess\u00e1ria para se mover em terrenos irregulares, levantar cargas pesadas e realizar escava\u00e7\u00f5es.<\/p>\n\n\n\n<p>Outro ponto importante \u00e9 que <strong>o motor de tra\u00e7\u00e3o tamb\u00e9m influencia diretamente a velocidade e a manobrabilidade da m\u00e1quina<\/strong>. Com um motor de tra\u00e7\u00e3o de alta qualidade, a mini carregadeira pode operar com mais suavidade, permitindo que o operador execute movimentos mais precisos e \u00e1geis, aumentando a produtividade no canteiro de obras.<\/p>\n\n\n\n<h3 class=\"wp-block-heading\"><span class=\"ez-toc-section\" id=\"Caracteristicas_do_motor_de_tracao\"><\/span>Caracter\u00edsticas do motor de tra\u00e7\u00e3o<span class=\"ez-toc-section-end\"><\/span><\/h3>\n\n\n\n<p>Ao escolher um <strong>motor de tra\u00e7\u00e3o para mini carregadeira<\/strong>, \u00e9 importante considerar algumas caracter\u00edsticas t\u00e9cnicas que fazem toda a diferen\u00e7a no desempenho e na durabilidade do equipamento. Vamos destacar as principais:<\/p>\n\n\n\n<h4 class=\"wp-block-heading\"><span class=\"ez-toc-section\" id=\"_Potencia\"><\/span>&nbsp;Pot\u00eancia<span class=\"ez-toc-section-end\"><\/span><\/h4>\n\n\n\n<p>A pot\u00eancia do motor de tra\u00e7\u00e3o, medida em cavalos de for\u00e7a (HP), \u00e9 um dos fatores mais cr\u00edticos. Ela determina a capacidade da mini carregadeira de movimentar cargas pesadas e enfrentar terrenos desafiadores. Motores de tra\u00e7\u00e3o com maior pot\u00eancia s\u00e3o indicados para trabalhos mais intensos, como escava\u00e7\u00e3o em solo compacto.<\/p>\n\n\n\n<h4 class=\"wp-block-heading\"><span class=\"ez-toc-section\" id=\"Torque\"><\/span>Torque<span class=\"ez-toc-section-end\"><\/span><\/h4>\n\n\n<div class=\"wp-block-image\">\n<figure class=\"alignright size-full is-resized\"><img loading=\"lazy\" decoding=\"async\" width=\"626\" height=\"417\" src=\"https:\/\/www.realtrac.com.br\/blog\/wp-content\/uploads\/2024\/10\/combine-machine-service-mechanic-repairing-motor-outdoors_146671-19073-1.jpg\" alt=\"\" class=\"wp-image-370\" style=\"width:351px;height:auto\" srcset=\"https:\/\/www.realtrac.com.br\/blog\/wp-content\/uploads\/2024\/10\/combine-machine-service-mechanic-repairing-motor-outdoors_146671-19073-1.jpg 626w, https:\/\/www.realtrac.com.br\/blog\/wp-content\/uploads\/2024\/10\/combine-machine-service-mechanic-repairing-motor-outdoors_146671-19073-1-300x200.jpg 300w, https:\/\/www.realtrac.com.br\/blog\/wp-content\/uploads\/2024\/10\/combine-machine-service-mechanic-repairing-motor-outdoors_146671-19073-1-450x300.jpg 450w, https:\/\/www.realtrac.com.br\/blog\/wp-content\/uploads\/2024\/10\/combine-machine-service-mechanic-repairing-motor-outdoors_146671-19073-1-90x60.jpg 90w\" sizes=\"auto, (max-width: 626px) 100vw, 626px\" \/><\/figure>\n<\/div>\n\n\n<p>O torque \u00e9 outro aspecto importante. Ele representa a for\u00e7a de rota\u00e7\u00e3o aplicada \u00e0s rodas ou esteiras da m\u00e1quina. Um motor com alto torque permite que a mini carregadeira realize tarefas pesadas com mais efici\u00eancia, mesmo em terrenos dif\u00edceis, como \u00e1reas enlameadas ou rochosas.<\/p>\n\n\n\n<h4 class=\"wp-block-heading\"><span class=\"ez-toc-section\" id=\"Eficiencia_energetica\"><\/span>Efici\u00eancia energ\u00e9tica<span class=\"ez-toc-section-end\"><\/span><\/h4>\n\n\n\n<p>Em tempos de preocupa\u00e7\u00e3o com custos operacionais e sustentabilidade, \u00e9 fundamental que o motor de tra\u00e7\u00e3o seja eficiente no consumo de combust\u00edvel. Motores modernos costumam oferecer maior efici\u00eancia energ\u00e9tica, reduzindo o consumo e, consequentemente, os custos operacionais.<\/p>\n\n\n\n<h4 class=\"wp-block-heading\"><span class=\"ez-toc-section\" id=\"Sistema_de_refrigeracao\"><\/span>Sistema de refrigera\u00e7\u00e3o<span class=\"ez-toc-section-end\"><\/span><\/h4>\n\n\n\n<p>A tra\u00e7\u00e3o prolongada pode causar aquecimento excessivo no motor. Por isso, os sistemas de refrigera\u00e7\u00e3o adequados s\u00e3o indispens\u00e1veis para manter a temperatura ideal de funcionamento, evitando sobrecargas e prolongando a vida \u00fatil do equipamento.<\/p>\n\n\n\n<h4 class=\"wp-block-heading\"><span class=\"ez-toc-section\" id=\"Facilidade_de_manutencao\"><\/span>Facilidade de manuten\u00e7\u00e3o<span class=\"ez-toc-section-end\"><\/span><\/h4>\n\n\n\n<p>Outro aspecto que deve ser considerado ao escolher um motor de tra\u00e7\u00e3o \u00e9 a sua facilidade de manuten\u00e7\u00e3o. Motores com componentes de f\u00e1cil acesso e que utilizam pe\u00e7as comuns no mercado costumam reduzir o tempo de m\u00e1quina parada, otimizando a opera\u00e7\u00e3o.<\/p>\n\n\n\n<h2 class=\"wp-block-heading\"><span class=\"ez-toc-section\" id=\"Qual_a_importancia_do_motor_de_tracao_para_mini_carregadeira\"><\/span>Qual a import\u00e2ncia do motor de tra\u00e7\u00e3o para mini carregadeira?<span class=\"ez-toc-section-end\"><\/span><\/h2>\n\n\n\n<p>O <strong>motor de tra\u00e7\u00e3o para mini carregadeira<\/strong> <strong>desempenha um papel crucial <\/strong>na funcionalidade da m\u00e1quina. Seu bom funcionamento impacta diretamente a produtividade, a economia e a durabilidade do equipamento. Vamos entender mais sobre essa import\u00e2ncia:<\/p>\n\n\n\n<h3 class=\"wp-block-heading\"><span class=\"ez-toc-section\" id=\"Desempenho\"><\/span>Desempenho<span class=\"ez-toc-section-end\"><\/span><\/h3>\n\n\n\n<p>Um motor de tra\u00e7\u00e3o eficiente garante que a mini carregadeira<strong> trabalhe com o m\u00e1ximo de sua capacidade<\/strong>, enfrentando terrenos dif\u00edceis, transportando materiais pesados e realizando escava\u00e7\u00f5es complexas. Isso resulta em maior agilidade no trabalho, com menos interrup\u00e7\u00f5es.<\/p>\n\n\n\n<h3 class=\"wp-block-heading\"><span class=\"ez-toc-section\" id=\"Economia_de_combustivel\"><\/span>Economia de combust\u00edvel<span class=\"ez-toc-section-end\"><\/span><\/h3>\n\n\n\n<p>Motores de tra\u00e7\u00e3o que possuem alta efici\u00eancia energ\u00e9tica ajudam a reduzir o consumo de combust\u00edvel, o que \u00e9 essencial em opera\u00e7\u00f5es de longo prazo. Com o aumento nos custos dos combust\u00edveis, <strong>essa economia pode representar uma redu\u00e7\u00e3o significativa nas despesas operacionais.<\/strong><\/p>\n\n\n\n<h3 class=\"wp-block-heading\"><span class=\"ez-toc-section\" id=\"Reducao_de_falhas\"><\/span>Redu\u00e7\u00e3o de falhas<span class=\"ez-toc-section-end\"><\/span><\/h3>\n\n\n\n<p>Equipamentos que utilizam motores de tra\u00e7\u00e3o de <strong>baixa qualidade<\/strong> est\u00e3o mais propensos a sofrer f<strong>alhas mec\u00e2nicas,<\/strong> que podem gerar longos per\u00edodos de inatividade e custos elevados com reparos. Por outro lado, um motor de tra\u00e7\u00e3o robusto e confi\u00e1vel garante que a m\u00e1quina opere por mais tempo sem problemas, aumentando a vida \u00fatil do equipamento.<\/p>\n\n\n\n<h3 class=\"wp-block-heading\"><span class=\"ez-toc-section\" id=\"Seguranca\"><\/span>Seguran\u00e7a<span class=\"ez-toc-section-end\"><\/span><\/h3>\n\n\n\n<p>Um motor de tra\u00e7\u00e3o bem projetado tamb\u00e9m contribui para a seguran\u00e7a do operador, proporcionando uma condu\u00e7\u00e3o mais est\u00e1vel, especialmente em terrenos acidentados ou com grandes varia\u00e7\u00f5es de inclina\u00e7\u00e3o.<\/p>\n\n\n\n<h2 class=\"wp-block-heading\"><span class=\"ez-toc-section\" id=\"Onde_encontrar_um_motor_de_tracao_de_qualidade\"><\/span>Onde encontrar um motor de tra\u00e7\u00e3o de qualidade?<span class=\"ez-toc-section-end\"><\/span><\/h2>\n\n\n\n<p>Escolher um <strong>motor de tra\u00e7\u00e3o para mini carregadeira<\/strong> de qualidade \u00e9 essencial para garantir que sua m\u00e1quina tenha um desempenho superior e confi\u00e1vel. Empresas especializadas no fornecimento de pe\u00e7as para m\u00e1quinas pesadas, como a <a href=\"https:\/\/www.realtrac.com.br\/empresa\"><strong>Realtrac<\/strong><\/a>, s\u00e3o \u00f3timas op\u00e7\u00f5es.<\/p>\n\n\n\n<p>A <a href=\"https:\/\/www.realtrac.com.br\/empresa\"><strong>Realtrac<\/strong><\/a> est\u00e1 no mercado desde 2014, oferecendo consultoria especializada para pessoas f\u00edsicas e jur\u00eddicas que n\u00e3o possuem um conhecimento t\u00e9cnico aprofundado sobre pe\u00e7as de m\u00e1quinas pesadas. A empresa se destaca pela qualidade dos produtos vendidos e pela excel\u00eancia no servi\u00e7o prestado.<\/p>\n\n\n\n<p>Al\u00e9m de comercializar motores de tra\u00e7\u00e3o de alta qualidade, a<a href=\"https:\/\/www.realtrac.com.br\/empresa\"> <strong>Realtrac<\/strong><\/a> oferece <strong>solu\u00e7\u00f5es personalizadas e eficientes<\/strong>, adaptando seus produtos \u00e0s necessidades espec\u00edficas de cada cliente. Com um foco em garantir a satisfa\u00e7\u00e3o total do consumidor, a Realtrac \u00e9 o parceiro ideal para quem busca confiabilidade e seguran\u00e7a na compra de pe\u00e7as para m\u00e1quinas pesadas.<\/p>\n\n\n\n<p><a href=\"https:\/\/www.realtrac.com.br\/blog\/sistemas-hidraulicos\/sistemas-hidraulicos-beneficios-para-a-industria-moderna\/\">Sistemas Hidr\u00e1ulicos: Benef\u00edcios para a Ind\u00fastria Moderna<\/a><\/p>\n\n\n\n<h2 class=\"wp-block-heading\"><span class=\"ez-toc-section\" id=\"Motor_de_tracao_para_mini_carregadeira_escolha_com_seguranca\"><\/span>Motor de tra\u00e7\u00e3o para mini carregadeira: escolha com seguran\u00e7a<span class=\"ez-toc-section-end\"><\/span><\/h2>\n\n\n\n<p>O <strong>motor de tra\u00e7\u00e3o para mini carregadeira<\/strong> \u00e9, sem d\u00favida, um dos componentes mais importantes para garantir o bom funcionamento e a durabilidade dessa m\u00e1quina t\u00e3o vers\u00e1til. Investir em um motor de qualidade garante n\u00e3o apenas o aumento da produtividade, mas tamb\u00e9m a economia de combust\u00edvel e a seguran\u00e7a do operador.<\/p>\n\n\n\n<p>Ao optar por empresas especializadas, como a <a href=\"https:\/\/www.realtrac.com.br\/empresa\"><strong>Realtrac<\/strong><\/a>, voc\u00ea assegura que est\u00e1 adquirindo um produto confi\u00e1vel, com o suporte t\u00e9cnico necess\u00e1rio para garantir a longevidade do equipamento. N\u00e3o deixe de considerar todas as caracter\u00edsticas mencionadas ao escolher o motor de tra\u00e7\u00e3o para a sua mini carregadeira.<\/p>\n\n\n\n<p>Procura por motores de tra\u00e7\u00e3o de alta qualidade? <a href=\"https:\/\/www.realtrac.com.br\/produtos\"><strong>Acesse o site da Realtrac<\/strong><\/a><strong> <\/strong>e encontre a solu\u00e7\u00e3o perfeita para a sua mini carregadeira. Garanta mais efici\u00eancia e seguran\u00e7a nas suas opera\u00e7\u00f5es.<\/p>\n","protected":false},"excerpt":{"rendered":"<p><span class=\"rt-reading-time\" style=\"display: block;\"><span class=\"rt-label rt-prefix\">Tempo de leitura:<\/span> <span class=\"rt-time\">6<\/span> <span class=\"rt-label rt-postfix\">minutos<\/span><\/span> Saiba como o motor de tra\u00e7\u00e3o para mini carregadeira funciona, suas caracter\u00edsticas e onde encontrar op\u00e7\u00f5es de qualidade para maximizar a efici\u00eancia. As mini carregadeiras s\u00e3o m\u00e1quinas essenciais em diversos setores da constru\u00e7\u00e3o civil e agricultura, conhecidas por sua versatilidade e efici\u00eancia. Por\u00e9m, um dos componentes mais cr\u00edticos para seu bom funcionamento \u00e9 o motor &hellip; <\/p>\n","protected":false},"author":1,"featured_media":369,"comment_status":"open","ping_status":"open","sticky":false,"template":"","format":"standard","meta":{"footnotes":""},"categories":[5337],"tags":[5345,5343,5395,5391,5352,5385,5347,5342,5355,5396,5403,5351,5388,5382,5339,5381,5338,5389,5387,5341,5380,5383,5386,5346,5372,5350,5407,5413,5378,5354,5356,5401,5359,5348,5384,5360,5394,5340,5368,5357,5361,5409,5377,5405,5373,5353,5398,5358,5344,5393,5375,5402,5374,5400,5376,5365,5364,5371,5349,5390,5367,5397,5379,5366,5362,5363,5369,5408,5370,5392,5404,5411,5414,5412,5406,5410,5399],"class_list":["post-368","post","type-post","status-publish","format-standard","has-post-thumbnail","hentry","category-motor-de-tracao","tag-comprar-motor-de-tracao","tag-comprar-motor-de-tracao-para-mini-carregadeira","tag-consultoria-pecas-maquinas-pesadas","tag-distribuidor-de-mini-carregadeira","tag-distribuidor-de-motor-de-tracao","tag-distribuidor-de-motor-de-tracao-para-mini-carregadeira","tag-distribuidora-de-mini-carregadeira","tag-distribuidora-de-motor-de-tracao","tag-distribuidora-de-motor-de-tracao-para-mini-carregadeira","tag-durabilidade-motor-mini-carregadeira","tag-eficiencia-motor-mini-carregadeira","tag-empresa-de-mini-carregadeira","tag-empresa-de-motor-de-tracao","tag-empresa-de-motor-de-tracao-para-mini-carregadeira","tag-fabrica-de-mini-carregadeira","tag-fabrica-de-motor-de-tracao","tag-fabrica-de-motor-de-tracao-para-mini-carregadeira","tag-fabricante-de-mini-carregadeira","tag-fabricante-de-motor-de-tracao","tag-fabricante-de-motor-de-tracao-para-mini-carregadeira","tag-fornecedor-de-mini-carregadeira","tag-fornecedor-de-motor-de-tracao","tag-fornecedor-de-motor-de-tracao-para-mini-carregadeira","tag-loja-de-mini-carregadeira","tag-loja-de-motor-de-tracao","tag-loja-de-motor-de-tracao-para-mini-carregadeira","tag-manutencao-motor-de-tracao","tag-melhor-motor-para-mini-carregadeira","tag-mini-carregadeira-direto-da-fabrica","tag-mini-carregadeira-em-sao-paulo","tag-mini-carregadeira-em-sp","tag-mini-carregadeira-motor","tag-mini-carregadeira-na-vila-maria-alta","tag-mini-carregadeira-na-zona-leste","tag-mini-carregadeira-na-zona-norte","tag-mini-carregadeira-na-zona-oeste","tag-mini-carregadeira-na-zona-sul","tag-mini-carregadeira-no-jardim-japao","tag-mini-carregadeira-perto-de-mim","tag-mini-carregadeira-preco","tag-mini-carregadeira-proximo-a-mim","tag-motor-de-tracao-alta-potencia","tag-motor-de-tracao-direto-da-fabrica","tag-motor-de-tracao-eficiente","tag-motor-de-tracao-em-sao-paulo","tag-motor-de-tracao-em-sp","tag-motor-de-tracao-mini-carregadeira","tag-motor-de-tracao-na-vila-maria-alta","tag-motor-de-tracao-na-zona-leste","tag-motor-de-tracao-na-zona-norte","tag-motor-de-tracao-na-zona-oeste","tag-motor-de-tracao-na-zona-sul","tag-motor-de-tracao-no-jardim-japao","tag-motor-de-tracao-para-mini-carregadeira","tag-motor-de-tracao-para-mini-carregadeira-direto-da-fabrica","tag-motor-de-tracao-para-mini-carregadeira-em-sao-paulo","tag-motor-de-tracao-para-mini-carregadeira-em-sp","tag-motor-de-tracao-para-mini-carregadeira-na-vila-maria-alta","tag-motor-de-tracao-para-mini-carregadeira-na-zona-leste","tag-motor-de-tracao-para-mini-carregadeira-na-zona-norte","tag-motor-de-tracao-para-mini-carregadeira-na-zona-oeste","tag-motor-de-tracao-para-mini-carregadeira-na-zona-sul","tag-motor-de-tracao-para-mini-carregadeira-no-jardim-japao","tag-motor-de-tracao-para-mini-carregadeira-perto-de-mim","tag-motor-de-tracao-para-mini-carregadeira-preco","tag-motor-de-tracao-para-mini-carregadeira-proximo-a-mim","tag-motor-de-tracao-perto-de-mim","tag-motor-de-tracao-potente","tag-motor-de-tracao-preco","tag-motor-de-tracao-proximo-a-mim","tag-motores-para-mini-carregadeira","tag-onde-encontrar-mini-carregadeira","tag-onde-encontrar-motor-de-tracao","tag-onde-encontrar-motor-de-tracao-para-mini-carregadeira","tag-pecas-para-mini-carregadeira","tag-realtrac-motores","tag-solucoes-personalizadas-mini-carregadeira"],"yoast_head":"<!-- This site is optimized with the Yoast SEO plugin v20.7 - https:\/\/yoast.com\/wordpress\/plugins\/seo\/ -->\n<title>Motor de tra\u00e7\u00e3o para mini carregadeira: tudo o que voc\u00ea precisa saber - Realtrac<\/title>\n<meta name=\"description\" content=\"Saiba como o motor de tra\u00e7\u00e3o para mini carregadeira funciona, suas caracter\u00edsticas e onde encontrar op\u00e7\u00f5es de qualidade para maximizar a efici\u00eancia.\" \/>\n<meta name=\"robots\" content=\"index, follow, max-snippet:-1, max-image-preview:large, max-video-preview:-1\" \/>\n<link rel=\"canonical\" href=\"https:\/\/www.realtrac.com.br\/blog\/motor-de-tracao\/motor-de-tracao-para-mini-carregadeira-tudo-o-que-voce-precisa-saber\/\" \/>\n<meta property=\"og:locale\" content=\"pt_BR\" \/>\n<meta property=\"og:type\" content=\"article\" \/>\n<meta property=\"og:title\" content=\"Motor de tra\u00e7\u00e3o para mini carregadeira: tudo o que voc\u00ea precisa saber - Realtrac\" \/>\n<meta property=\"og:description\" content=\"Saiba como o motor de tra\u00e7\u00e3o para mini carregadeira funciona, suas caracter\u00edsticas e onde encontrar op\u00e7\u00f5es de qualidade para maximizar a efici\u00eancia.\" \/>\n<meta property=\"og:url\" content=\"https:\/\/www.realtrac.com.br\/blog\/motor-de-tracao\/motor-de-tracao-para-mini-carregadeira-tudo-o-que-voce-precisa-saber\/\" \/>\n<meta property=\"og:site_name\" content=\"Realtrac\" \/>\n<meta property=\"article:published_time\" content=\"2024-10-16T19:53:21+00:00\" \/>\n<meta property=\"article:modified_time\" content=\"2024-10-16T19:53:23+00:00\" \/>\n<meta property=\"og:image\" content=\"https:\/\/www.realtrac.com.br\/blog\/wp-content\/uploads\/2024\/10\/combine-machine-service-mechanic-repairing-motor-outdoors_146671-19073.jpg\" \/>\n\t<meta property=\"og:image:width\" content=\"626\" \/>\n\t<meta property=\"og:image:height\" content=\"417\" \/>\n\t<meta property=\"og:image:type\" content=\"image\/jpeg\" \/>\n<meta name=\"author\" content=\"admin\" \/>\n<meta name=\"twitter:card\" content=\"summary_large_image\" \/>\n<meta name=\"twitter:label1\" content=\"Escrito por\" \/>\n\t<meta name=\"twitter:data1\" content=\"admin\" \/>\n\t<meta name=\"twitter:label2\" content=\"Est. tempo de leitura\" \/>\n\t<meta name=\"twitter:data2\" content=\"7 minutos\" \/>\n<script type=\"application\/ld+json\" class=\"yoast-schema-graph\">{\"@context\":\"https:\/\/schema.org\",\"@graph\":[{\"@type\":\"Article\",\"@id\":\"https:\/\/www.realtrac.com.br\/blog\/motor-de-tracao\/motor-de-tracao-para-mini-carregadeira-tudo-o-que-voce-precisa-saber\/#article\",\"isPartOf\":{\"@id\":\"https:\/\/www.realtrac.com.br\/blog\/motor-de-tracao\/motor-de-tracao-para-mini-carregadeira-tudo-o-que-voce-precisa-saber\/\"},\"author\":{\"name\":\"admin\",\"@id\":\"https:\/\/www.realtrac.com.br\/blog\/#\/schema\/person\/12b4b31188e36f92e71126da3d233336\"},\"headline\":\"Motor de tra\u00e7\u00e3o para mini carregadeira: tudo o que voc\u00ea precisa saber\",\"datePublished\":\"2024-10-16T19:53:21+00:00\",\"dateModified\":\"2024-10-16T19:53:23+00:00\",\"mainEntityOfPage\":{\"@id\":\"https:\/\/www.realtrac.com.br\/blog\/motor-de-tracao\/motor-de-tracao-para-mini-carregadeira-tudo-o-que-voce-precisa-saber\/\"},\"wordCount\":1266,\"commentCount\":0,\"publisher\":{\"@id\":\"https:\/\/www.realtrac.com.br\/blog\/#organization\"},\"keywords\":[\"comprar Motor de tra\u00e7\u00e3o\",\"comprar Motor de tra\u00e7\u00e3o para mini carregadeira\",\"Consultoria pe\u00e7as m\u00e1quinas pesadas\",\"distribuidor de mini carregadeira\",\"distribuidor de Motor de tra\u00e7\u00e3o\",\"distribuidor de Motor de tra\u00e7\u00e3o para mini carregadeira\",\"distribuidora de mini carregadeira\",\"distribuidora de Motor de tra\u00e7\u00e3o\",\"distribuidora de Motor de tra\u00e7\u00e3o para mini carregadeira\",\"Durabilidade motor mini carregadeira\",\"Efici\u00eancia motor mini carregadeira\",\"empresa de mini carregadeira\",\"empresa de Motor de tra\u00e7\u00e3o\",\"empresa de Motor de tra\u00e7\u00e3o para mini carregadeira\",\"f\u00e1brica de mini carregadeira\",\"f\u00e1brica de Motor de tra\u00e7\u00e3o\",\"f\u00e1brica de Motor de tra\u00e7\u00e3o para mini carregadeira\",\"fabricante de mini carregadeira\",\"fabricante de Motor de tra\u00e7\u00e3o\",\"fabricante de Motor de tra\u00e7\u00e3o para mini carregadeira\",\"fornecedor de mini carregadeira\",\"fornecedor de Motor de tra\u00e7\u00e3o\",\"fornecedor de Motor de tra\u00e7\u00e3o para mini carregadeira\",\"loja de mini carregadeira\",\"loja de Motor de tra\u00e7\u00e3o\",\"loja de Motor de tra\u00e7\u00e3o para mini carregadeira\",\"Manuten\u00e7\u00e3o motor de tra\u00e7\u00e3o\",\"Melhor motor para mini carregadeira\",\"mini carregadeira direto da fabrica\",\"mini carregadeira em s\u00e3o paulo\",\"mini carregadeira em sp\",\"Mini carregadeira motor\",\"mini carregadeira na Vila Maria Alta\",\"mini carregadeira na zona leste\",\"mini carregadeira na zona norte\",\"mini carregadeira na zona oeste\",\"mini carregadeira na zona sul\",\"mini carregadeira no Jardim Jap\u00e3o\",\"mini carregadeira perto de mim\",\"mini carregadeira pre\u00e7o\",\"mini carregadeira pr\u00f3ximo a mim\",\"Motor de tra\u00e7\u00e3o alta pot\u00eancia\",\"Motor de tra\u00e7\u00e3o direto da fabrica\",\"Motor de tra\u00e7\u00e3o eficiente\",\"Motor de tra\u00e7\u00e3o em s\u00e3o paulo\",\"Motor de tra\u00e7\u00e3o em sp\",\"Motor de tra\u00e7\u00e3o mini carregadeira\",\"Motor de tra\u00e7\u00e3o na Vila Maria Alta\",\"Motor de tra\u00e7\u00e3o na zona leste\",\"Motor de tra\u00e7\u00e3o na zona norte\",\"Motor de tra\u00e7\u00e3o na zona oeste\",\"Motor de tra\u00e7\u00e3o na zona sul\",\"Motor de tra\u00e7\u00e3o no Jardim Jap\u00e3o\",\"Motor de tra\u00e7\u00e3o para mini carregadeira\",\"Motor de tra\u00e7\u00e3o para mini carregadeira direto da fabrica\",\"Motor de tra\u00e7\u00e3o para mini carregadeira em s\u00e3o paulo\",\"Motor de tra\u00e7\u00e3o para mini carregadeira em sp\",\"Motor de tra\u00e7\u00e3o para mini carregadeira na Vila Maria Alta\",\"Motor de tra\u00e7\u00e3o para mini carregadeira na zona leste\",\"Motor de tra\u00e7\u00e3o para mini carregadeira na zona norte\",\"Motor de tra\u00e7\u00e3o para mini carregadeira na zona oeste\",\"Motor de tra\u00e7\u00e3o para mini carregadeira na zona sul\",\"Motor de tra\u00e7\u00e3o para mini carregadeira no Jardim Jap\u00e3o\",\"Motor de tra\u00e7\u00e3o para mini carregadeira perto de mim\",\"Motor de tra\u00e7\u00e3o para mini carregadeira pre\u00e7o\",\"Motor de tra\u00e7\u00e3o para mini carregadeira pr\u00f3ximo a mim\",\"Motor de tra\u00e7\u00e3o perto de mim\",\"Motor de tra\u00e7\u00e3o potente\",\"Motor de tra\u00e7\u00e3o pre\u00e7o\",\"Motor de tra\u00e7\u00e3o pr\u00f3ximo a mim\",\"Motores para mini carregadeira\",\"onde encontrar mini carregadeira\",\"onde encontrar Motor de tra\u00e7\u00e3o\",\"onde encontrar Motor de tra\u00e7\u00e3o para mini carregadeira\",\"Pe\u00e7as para mini carregadeira\",\"Realtrac motores\",\"Solu\u00e7\u00f5es personalizadas mini carregadeira\"],\"articleSection\":[\"Motor de tra\u00e7\u00e3o\"],\"inLanguage\":\"pt-BR\",\"potentialAction\":[{\"@type\":\"CommentAction\",\"name\":\"Comment\",\"target\":[\"https:\/\/www.realtrac.com.br\/blog\/motor-de-tracao\/motor-de-tracao-para-mini-carregadeira-tudo-o-que-voce-precisa-saber\/#respond\"]}]},{\"@type\":\"WebPage\",\"@id\":\"https:\/\/www.realtrac.com.br\/blog\/motor-de-tracao\/motor-de-tracao-para-mini-carregadeira-tudo-o-que-voce-precisa-saber\/\",\"url\":\"https:\/\/www.realtrac.com.br\/blog\/motor-de-tracao\/motor-de-tracao-para-mini-carregadeira-tudo-o-que-voce-precisa-saber\/\",\"name\":\"Motor de tra\u00e7\u00e3o para mini carregadeira: tudo o que voc\u00ea precisa saber - Realtrac\",\"isPartOf\":{\"@id\":\"https:\/\/www.realtrac.com.br\/blog\/#website\"},\"datePublished\":\"2024-10-16T19:53:21+00:00\",\"dateModified\":\"2024-10-16T19:53:23+00:00\",\"description\":\"Saiba como o motor de tra\u00e7\u00e3o para mini carregadeira funciona, suas caracter\u00edsticas e onde encontrar op\u00e7\u00f5es de qualidade para maximizar a efici\u00eancia.\",\"breadcrumb\":{\"@id\":\"https:\/\/www.realtrac.com.br\/blog\/motor-de-tracao\/motor-de-tracao-para-mini-carregadeira-tudo-o-que-voce-precisa-saber\/#breadcrumb\"},\"inLanguage\":\"pt-BR\",\"potentialAction\":[{\"@type\":\"ReadAction\",\"target\":[\"https:\/\/www.realtrac.com.br\/blog\/motor-de-tracao\/motor-de-tracao-para-mini-carregadeira-tudo-o-que-voce-precisa-saber\/\"]}]},{\"@type\":\"BreadcrumbList\",\"@id\":\"https:\/\/www.realtrac.com.br\/blog\/motor-de-tracao\/motor-de-tracao-para-mini-carregadeira-tudo-o-que-voce-precisa-saber\/#breadcrumb\",\"itemListElement\":[{\"@type\":\"ListItem\",\"position\":1,\"name\":\"In\u00edcio\",\"item\":\"https:\/\/www.realtrac.com.br\/blog\/\"},{\"@type\":\"ListItem\",\"position\":2,\"name\":\"Motor de tra\u00e7\u00e3o para mini carregadeira: tudo o que voc\u00ea precisa saber\"}]},{\"@type\":\"WebSite\",\"@id\":\"https:\/\/www.realtrac.com.br\/blog\/#website\",\"url\":\"https:\/\/www.realtrac.com.br\/blog\/\",\"name\":\"Realtrac\",\"description\":\"Blog - Realtrac\",\"publisher\":{\"@id\":\"https:\/\/www.realtrac.com.br\/blog\/#organization\"},\"potentialAction\":[{\"@type\":\"SearchAction\",\"target\":{\"@type\":\"EntryPoint\",\"urlTemplate\":\"https:\/\/www.realtrac.com.br\/blog\/?s={search_term_string}\"},\"query-input\":\"required name=search_term_string\"}],\"inLanguage\":\"pt-BR\"},{\"@type\":\"Organization\",\"@id\":\"https:\/\/www.realtrac.com.br\/blog\/#organization\",\"name\":\"Realtrac\",\"url\":\"https:\/\/www.realtrac.com.br\/blog\/\",\"logo\":{\"@type\":\"ImageObject\",\"inLanguage\":\"pt-BR\",\"@id\":\"https:\/\/www.realtrac.com.br\/blog\/#\/schema\/logo\/image\/\",\"url\":\"https:\/\/www.realtrac.com.br\/blog\/wp-content\/uploads\/2023\/05\/logo.webp\",\"contentUrl\":\"https:\/\/www.realtrac.com.br\/blog\/wp-content\/uploads\/2023\/05\/logo.webp\",\"width\":230,\"height\":71,\"caption\":\"Realtrac\"},\"image\":{\"@id\":\"https:\/\/www.realtrac.com.br\/blog\/#\/schema\/logo\/image\/\"}},{\"@type\":\"Person\",\"@id\":\"https:\/\/www.realtrac.com.br\/blog\/#\/schema\/person\/12b4b31188e36f92e71126da3d233336\",\"name\":\"admin\",\"image\":{\"@type\":\"ImageObject\",\"inLanguage\":\"pt-BR\",\"@id\":\"https:\/\/www.realtrac.com.br\/blog\/#\/schema\/person\/image\/\",\"url\":\"https:\/\/secure.gravatar.com\/avatar\/3813f53848958b8842eeafda91666185a90010f65ed554379b78794cde6f234a?s=96&d=mm&r=g\",\"contentUrl\":\"https:\/\/secure.gravatar.com\/avatar\/3813f53848958b8842eeafda91666185a90010f65ed554379b78794cde6f234a?s=96&d=mm&r=g\",\"caption\":\"admin\"},\"sameAs\":[\"https:\/\/www.realtrac.com.br\/blog\"],\"url\":\"https:\/\/www.realtrac.com.br\/blog\/author\/admin\/\"}]}<\/script>\n<!-- \/ Yoast SEO plugin. -->","yoast_head_json":{"title":"Motor de tra\u00e7\u00e3o para mini carregadeira: tudo o que voc\u00ea precisa saber - Realtrac","description":"Saiba como o motor de tra\u00e7\u00e3o para mini carregadeira funciona, suas caracter\u00edsticas e onde encontrar op\u00e7\u00f5es de qualidade para maximizar a efici\u00eancia.","robots":{"index":"index","follow":"follow","max-snippet":"max-snippet:-1","max-image-preview":"max-image-preview:large","max-video-preview":"max-video-preview:-1"},"canonical":"https:\/\/www.realtrac.com.br\/blog\/motor-de-tracao\/motor-de-tracao-para-mini-carregadeira-tudo-o-que-voce-precisa-saber\/","og_locale":"pt_BR","og_type":"article","og_title":"Motor de tra\u00e7\u00e3o para mini carregadeira: tudo o que voc\u00ea precisa saber - Realtrac","og_description":"Saiba como o motor de tra\u00e7\u00e3o para mini carregadeira funciona, suas caracter\u00edsticas e onde encontrar op\u00e7\u00f5es de qualidade para maximizar a efici\u00eancia.","og_url":"https:\/\/www.realtrac.com.br\/blog\/motor-de-tracao\/motor-de-tracao-para-mini-carregadeira-tudo-o-que-voce-precisa-saber\/","og_site_name":"Realtrac","article_published_time":"2024-10-16T19:53:21+00:00","article_modified_time":"2024-10-16T19:53:23+00:00","og_image":[{"width":626,"height":417,"url":"https:\/\/www.realtrac.com.br\/blog\/wp-content\/uploads\/2024\/10\/combine-machine-service-mechanic-repairing-motor-outdoors_146671-19073.jpg","type":"image\/jpeg"}],"author":"admin","twitter_card":"summary_large_image","twitter_misc":{"Escrito por":"admin","Est. tempo de leitura":"7 minutos"},"schema":{"@context":"https:\/\/schema.org","@graph":[{"@type":"Article","@id":"https:\/\/www.realtrac.com.br\/blog\/motor-de-tracao\/motor-de-tracao-para-mini-carregadeira-tudo-o-que-voce-precisa-saber\/#article","isPartOf":{"@id":"https:\/\/www.realtrac.com.br\/blog\/motor-de-tracao\/motor-de-tracao-para-mini-carregadeira-tudo-o-que-voce-precisa-saber\/"},"author":{"name":"admin","@id":"https:\/\/www.realtrac.com.br\/blog\/#\/schema\/person\/12b4b31188e36f92e71126da3d233336"},"headline":"Motor de tra\u00e7\u00e3o para mini carregadeira: tudo o que voc\u00ea precisa saber","datePublished":"2024-10-16T19:53:21+00:00","dateModified":"2024-10-16T19:53:23+00:00","mainEntityOfPage":{"@id":"https:\/\/www.realtrac.com.br\/blog\/motor-de-tracao\/motor-de-tracao-para-mini-carregadeira-tudo-o-que-voce-precisa-saber\/"},"wordCount":1266,"commentCount":0,"publisher":{"@id":"https:\/\/www.realtrac.com.br\/blog\/#organization"},"keywords":["comprar Motor de tra\u00e7\u00e3o","comprar Motor de tra\u00e7\u00e3o para mini carregadeira","Consultoria pe\u00e7as m\u00e1quinas pesadas","distribuidor de mini carregadeira","distribuidor de Motor de tra\u00e7\u00e3o","distribuidor de Motor de tra\u00e7\u00e3o para mini carregadeira","distribuidora de mini carregadeira","distribuidora de Motor de tra\u00e7\u00e3o","distribuidora de Motor de tra\u00e7\u00e3o para mini carregadeira","Durabilidade motor mini carregadeira","Efici\u00eancia motor mini carregadeira","empresa de mini carregadeira","empresa de Motor de tra\u00e7\u00e3o","empresa de Motor de tra\u00e7\u00e3o para mini carregadeira","f\u00e1brica de mini carregadeira","f\u00e1brica de Motor de tra\u00e7\u00e3o","f\u00e1brica de Motor de tra\u00e7\u00e3o para mini carregadeira","fabricante de mini carregadeira","fabricante de Motor de tra\u00e7\u00e3o","fabricante de Motor de tra\u00e7\u00e3o para mini carregadeira","fornecedor de mini carregadeira","fornecedor de Motor de tra\u00e7\u00e3o","fornecedor de Motor de tra\u00e7\u00e3o para mini carregadeira","loja de mini carregadeira","loja de Motor de tra\u00e7\u00e3o","loja de Motor de tra\u00e7\u00e3o para mini carregadeira","Manuten\u00e7\u00e3o motor de tra\u00e7\u00e3o","Melhor motor para mini carregadeira","mini carregadeira direto da fabrica","mini carregadeira em s\u00e3o paulo","mini carregadeira em sp","Mini carregadeira motor","mini carregadeira na Vila Maria Alta","mini carregadeira na zona leste","mini carregadeira na zona norte","mini carregadeira na zona oeste","mini carregadeira na zona sul","mini carregadeira no Jardim Jap\u00e3o","mini carregadeira perto de mim","mini carregadeira pre\u00e7o","mini carregadeira pr\u00f3ximo a mim","Motor de tra\u00e7\u00e3o alta pot\u00eancia","Motor de tra\u00e7\u00e3o direto da fabrica","Motor de tra\u00e7\u00e3o eficiente","Motor de tra\u00e7\u00e3o em s\u00e3o paulo","Motor de tra\u00e7\u00e3o em sp","Motor de tra\u00e7\u00e3o mini carregadeira","Motor de tra\u00e7\u00e3o na Vila Maria Alta","Motor de tra\u00e7\u00e3o na zona leste","Motor de tra\u00e7\u00e3o na zona norte","Motor de tra\u00e7\u00e3o na zona oeste","Motor de tra\u00e7\u00e3o na zona sul","Motor de tra\u00e7\u00e3o no Jardim Jap\u00e3o","Motor de tra\u00e7\u00e3o para mini carregadeira","Motor de tra\u00e7\u00e3o para mini carregadeira direto da fabrica","Motor de tra\u00e7\u00e3o para mini carregadeira em s\u00e3o paulo","Motor de tra\u00e7\u00e3o para mini carregadeira em sp","Motor de tra\u00e7\u00e3o para mini carregadeira na Vila Maria Alta","Motor de tra\u00e7\u00e3o para mini carregadeira na zona leste","Motor de tra\u00e7\u00e3o para mini carregadeira na zona norte","Motor de tra\u00e7\u00e3o para mini carregadeira na zona oeste","Motor de tra\u00e7\u00e3o para mini carregadeira na zona sul","Motor de tra\u00e7\u00e3o para mini carregadeira no Jardim Jap\u00e3o","Motor de tra\u00e7\u00e3o para mini carregadeira perto de mim","Motor de tra\u00e7\u00e3o para mini carregadeira pre\u00e7o","Motor de tra\u00e7\u00e3o para mini carregadeira pr\u00f3ximo a mim","Motor de tra\u00e7\u00e3o perto de mim","Motor de tra\u00e7\u00e3o potente","Motor de tra\u00e7\u00e3o pre\u00e7o","Motor de tra\u00e7\u00e3o pr\u00f3ximo a mim","Motores para mini carregadeira","onde encontrar mini carregadeira","onde encontrar Motor de tra\u00e7\u00e3o","onde encontrar Motor de tra\u00e7\u00e3o para mini carregadeira","Pe\u00e7as para mini carregadeira","Realtrac motores","Solu\u00e7\u00f5es personalizadas mini carregadeira"],"articleSection":["Motor de tra\u00e7\u00e3o"],"inLanguage":"pt-BR","potentialAction":[{"@type":"CommentAction","name":"Comment","target":["https:\/\/www.realtrac.com.br\/blog\/motor-de-tracao\/motor-de-tracao-para-mini-carregadeira-tudo-o-que-voce-precisa-saber\/#respond"]}]},{"@type":"WebPage","@id":"https:\/\/www.realtrac.com.br\/blog\/motor-de-tracao\/motor-de-tracao-para-mini-carregadeira-tudo-o-que-voce-precisa-saber\/","url":"https:\/\/www.realtrac.com.br\/blog\/motor-de-tracao\/motor-de-tracao-para-mini-carregadeira-tudo-o-que-voce-precisa-saber\/","name":"Motor de tra\u00e7\u00e3o para mini carregadeira: tudo o que voc\u00ea precisa saber - Realtrac","isPartOf":{"@id":"https:\/\/www.realtrac.com.br\/blog\/#website"},"datePublished":"2024-10-16T19:53:21+00:00","dateModified":"2024-10-16T19:53:23+00:00","description":"Saiba como o motor de tra\u00e7\u00e3o para mini carregadeira funciona, suas caracter\u00edsticas e onde encontrar op\u00e7\u00f5es de qualidade para maximizar a efici\u00eancia.","breadcrumb":{"@id":"https:\/\/www.realtrac.com.br\/blog\/motor-de-tracao\/motor-de-tracao-para-mini-carregadeira-tudo-o-que-voce-precisa-saber\/#breadcrumb"},"inLanguage":"pt-BR","potentialAction":[{"@type":"ReadAction","target":["https:\/\/www.realtrac.com.br\/blog\/motor-de-tracao\/motor-de-tracao-para-mini-carregadeira-tudo-o-que-voce-precisa-saber\/"]}]},{"@type":"BreadcrumbList","@id":"https:\/\/www.realtrac.com.br\/blog\/motor-de-tracao\/motor-de-tracao-para-mini-carregadeira-tudo-o-que-voce-precisa-saber\/#breadcrumb","itemListElement":[{"@type":"ListItem","position":1,"name":"In\u00edcio","item":"https:\/\/www.realtrac.com.br\/blog\/"},{"@type":"ListItem","position":2,"name":"Motor de tra\u00e7\u00e3o para mini carregadeira: tudo o que voc\u00ea precisa saber"}]},{"@type":"WebSite","@id":"https:\/\/www.realtrac.com.br\/blog\/#website","url":"https:\/\/www.realtrac.com.br\/blog\/","name":"Realtrac","description":"Blog - Realtrac","publisher":{"@id":"https:\/\/www.realtrac.com.br\/blog\/#organization"},"potentialAction":[{"@type":"SearchAction","target":{"@type":"EntryPoint","urlTemplate":"https:\/\/www.realtrac.com.br\/blog\/?s={search_term_string}"},"query-input":"required name=search_term_string"}],"inLanguage":"pt-BR"},{"@type":"Organization","@id":"https:\/\/www.realtrac.com.br\/blog\/#organization","name":"Realtrac","url":"https:\/\/www.realtrac.com.br\/blog\/","logo":{"@type":"ImageObject","inLanguage":"pt-BR","@id":"https:\/\/www.realtrac.com.br\/blog\/#\/schema\/logo\/image\/","url":"https:\/\/www.realtrac.com.br\/blog\/wp-content\/uploads\/2023\/05\/logo.webp","contentUrl":"https:\/\/www.realtrac.com.br\/blog\/wp-content\/uploads\/2023\/05\/logo.webp","width":230,"height":71,"caption":"Realtrac"},"image":{"@id":"https:\/\/www.realtrac.com.br\/blog\/#\/schema\/logo\/image\/"}},{"@type":"Person","@id":"https:\/\/www.realtrac.com.br\/blog\/#\/schema\/person\/12b4b31188e36f92e71126da3d233336","name":"admin","image":{"@type":"ImageObject","inLanguage":"pt-BR","@id":"https:\/\/www.realtrac.com.br\/blog\/#\/schema\/person\/image\/","url":"https:\/\/secure.gravatar.com\/avatar\/3813f53848958b8842eeafda91666185a90010f65ed554379b78794cde6f234a?s=96&d=mm&r=g","contentUrl":"https:\/\/secure.gravatar.com\/avatar\/3813f53848958b8842eeafda91666185a90010f65ed554379b78794cde6f234a?s=96&d=mm&r=g","caption":"admin"},"sameAs":["https:\/\/www.realtrac.com.br\/blog"],"url":"https:\/\/www.realtrac.com.br\/blog\/author\/admin\/"}]}},"_links":{"self":[{"href":"https:\/\/www.realtrac.com.br\/blog\/wp-json\/wp\/v2\/posts\/368","targetHints":{"allow":["GET"]}}],"collection":[{"href":"https:\/\/www.realtrac.com.br\/blog\/wp-json\/wp\/v2\/posts"}],"about":[{"href":"https:\/\/www.realtrac.com.br\/blog\/wp-json\/wp\/v2\/types\/post"}],"author":[{"embeddable":true,"href":"https:\/\/www.realtrac.com.br\/blog\/wp-json\/wp\/v2\/users\/1"}],"replies":[{"embeddable":true,"href":"https:\/\/www.realtrac.com.br\/blog\/wp-json\/wp\/v2\/comments?post=368"}],"version-history":[{"count":1,"href":"https:\/\/www.realtrac.com.br\/blog\/wp-json\/wp\/v2\/posts\/368\/revisions"}],"predecessor-version":[{"id":371,"href":"https:\/\/www.realtrac.com.br\/blog\/wp-json\/wp\/v2\/posts\/368\/revisions\/371"}],"wp:featuredmedia":[{"embeddable":true,"href":"https:\/\/www.realtrac.com.br\/blog\/wp-json\/wp\/v2\/media\/369"}],"wp:attachment":[{"href":"https:\/\/www.realtrac.com.br\/blog\/wp-json\/wp\/v2\/media?parent=368"}],"wp:term":[{"taxonomy":"category","embeddable":true,"href":"https:\/\/www.realtrac.com.br\/blog\/wp-json\/wp\/v2\/categories?post=368"},{"taxonomy":"post_tag","embeddable":true,"href":"https:\/\/www.realtrac.com.br\/blog\/wp-json\/wp\/v2\/tags?post=368"}],"curies":[{"name":"wp","href":"https:\/\/api.w.org\/{rel}","templated":true}]}}